{"id":1120,"date":"2025-05-01T20:04:38","date_gmt":"2025-05-01T20:04:38","guid":{"rendered":"https:\/\/atraconfort42.themedemosite.fr\/?p=1120"},"modified":"2025-05-19T13:32:09","modified_gmt":"2025-05-19T13:32:09","slug":"non-le-chauffage-au-bois-ne-sera-pas-interdit-en-2027","status":"publish","type":"post","link":"https:\/\/atraconfort42.themedemosite.fr\/?p=1120","title":{"rendered":"Non, le chauffage au bois ne sera pas interdit en 2027 !"},"content":{"rendered":"<p>Depuis quelque temps, une rumeur persistante circule : le chauffage au bois serait interdit \u00e0 partir de 2027. Cette information est fausse et nous allons vous expliquer pourquoi\u00a0!<\/p>\n<p><strong> Le chauffage au bois : une \u00e9nergie d\u2019avenir<\/strong><\/p>\n<p>Contrairement \u00e0 ce que certains laissent entendre, le chauffage au bois est loin d\u2019\u00eatre d\u00e9pass\u00e9. Il s\u2019agit au contraire de <strong>la premi\u00e8re \u00e9nergie renouvelable utilis\u00e9e en France<\/strong>, adopt\u00e9e aujourd\u2019hui par <strong>8 millions de foyers<\/strong>. Plus qu\u2019une solution de chauffage, c\u2019est un v\u00e9ritable levier pour l\u2019ind\u00e9pendance \u00e9nerg\u00e9tique et la transition \u00e9cologique.<\/p>\n<p><strong>\u2705 Une norme europ\u00e9enne\u2026 pour les <u>FABRICANTS<\/u>, pas pour les utilisateurs<\/strong><\/p>\n<p>La confusion vient d\u2019une <strong>\u00e9volution de la norme europ\u00e9enne Ecodesign<\/strong> qui entrera en vigueur dans les ann\u00e9es \u00e0 venir. Cette r\u00e9glementation concernera <strong>uniquement les nouveaux appareils mis sur le march\u00e9<\/strong>, en imposant des crit\u00e8res plus stricts en mati\u00e8re de performance et d\u2019\u00e9missions.<\/p>\n<p>Mais <strong>en aucun cas cela ne signifie que l\u2019utilisation des po\u00eales ou chemin\u00e9es \u00e0 bois sera interdite pour les particuliers<\/strong>, que ce soit en 2027 ou apr\u00e8s.<\/p>\n<p><strong> Une \u00e9nergie \u00e9conomique et locale<\/strong><\/p>\n<p>Le bois reste <strong>la solution de chauffage la plus \u00e9conomique<\/strong>, avec un co\u00fbt en moyenne <strong>2 \u00e0 3 fois inf\u00e9rieur \u00e0 celui du gaz ou de l\u2019\u00e9lectricit\u00e9<\/strong>. C\u2019est aussi une fili\u00e8re <strong>100 % fran\u00e7aise<\/strong>, avec <strong>35000 professionnels locaux certifi\u00e9s<\/strong> engag\u00e9s dans une d\u00e9marche durable.<\/p>\n<p><strong> Des progr\u00e8s environnementaux consid\u00e9rables<\/strong><\/p>\n<p>Ces 20 derni\u00e8res ann\u00e9es, les \u00e9missions de particules fines ont <strong>baiss\u00e9 de 50 %<\/strong> et la consommation de bois a <strong>diminu\u00e9 de 38 %<\/strong>, gr\u00e2ce \u00e0 l\u2019am\u00e9lioration des performances des appareils. Le chauffage au bois est aujourd\u2019hui <strong>un \u00e9l\u00e9ment cl\u00e9 de la politique de d\u00e9carbonation de la France<\/strong>.<\/p>\n<p><strong>En r\u00e9sum\u00e9 : le chauffage au bois n\u2019est pas menac\u00e9, il est plus que jamais d\u2019actualit\u00e9.<\/strong> Durable, \u00e9conomique et local, il reste une solution de choix pour chauffer votre maison tout en respectant l\u2019environnement.<\/p>\n<p>Pour aller plus loin : <a href=\"http:\/\/www.fipc.fr\/\">www.fipc.fr<\/a><\/p>\n","protected":false},"excerpt":{"rendered":"<p>Depuis quelque temps, une rumeur persistante circule : le chauffage au bois serait interdit \u00e0 partir de 2027. Cette information est fausse et nous allons vous expliquer pourquoi\u00a0! Le chauffage au bois : une \u00e9nergie d\u2019avenir Contrairement \u00e0 ce que certains laissent entendre, le chauffage au bois est loin d\u2019\u00eatre d\u00e9pass\u00e9. Il s\u2019agit au contraire&hellip;<\/p>\n","protected":false},"author":1,"featured_media":1245,"comment_status":"open","ping_status":"open","sticky":false,"template":"","format":"standard","meta":{"footnotes":""},"categories":[7],"tags":[],"post_series":[],"class_list":["post-1120","post","type-post","status-publish","format-standard","has-post-thumbnail","hentry","category-bois","entry","has-media"],"_links":{"self":[{"href":"https:\/\/atraconfort42.themedemosite.fr\/index.php?rest_route=\/wp\/v2\/posts\/1120","targetHints":{"allow":["GET"]}}],"collection":[{"href":"https:\/\/atraconfort42.themedemosite.fr\/index.php?rest_route=\/wp\/v2\/posts"}],"about":[{"href":"https:\/\/atraconfort42.themedemosite.fr\/index.php?rest_route=\/wp\/v2\/types\/post"}],"author":[{"embeddable":true,"href":"https:\/\/atraconfort42.themedemosite.fr\/index.php?rest_route=\/wp\/v2\/users\/1"}],"replies":[{"embeddable":true,"href":"https:\/\/atraconfort42.themedemosite.fr\/index.php?rest_route=%2Fwp%2Fv2%2Fcomments&post=1120"}],"version-history":[{"count":11,"href":"https:\/\/atraconfort42.themedemosite.fr\/index.php?rest_route=\/wp\/v2\/posts\/1120\/revisions"}],"predecessor-version":[{"id":1246,"href":"https:\/\/atraconfort42.themedemosite.fr\/index.php?rest_route=\/wp\/v2\/posts\/1120\/revisions\/1246"}],"wp:featuredmedia":[{"embeddable":true,"href":"https:\/\/atraconfort42.themedemosite.fr\/index.php?rest_route=\/wp\/v2\/media\/1245"}],"wp:attachment":[{"href":"https:\/\/atraconfort42.themedemosite.fr\/index.php?rest_route=%2Fwp%2Fv2%2Fmedia&parent=1120"}],"wp:term":[{"taxonomy":"category","embeddable":true,"href":"https:\/\/atraconfort42.themedemosite.fr\/index.php?rest_route=%2Fwp%2Fv2%2Fcategories&post=1120"},{"taxonomy":"post_tag","embeddable":true,"href":"https:\/\/atraconfort42.themedemosite.fr\/index.php?rest_route=%2Fwp%2Fv2%2Ftags&post=1120"},{"taxonomy":"post_series","embeddable":true,"href":"https:\/\/atraconfort42.themedemosite.fr\/index.php?rest_route=%2Fwp%2Fv2%2Fpost_series&post=1120"}],"curies":[{"name":"wp","href":"https:\/\/api.w.org\/{rel}","templated":true}]}}